{"id":2017,"date":"2024-09-20T10:00:00","date_gmt":"2024-09-20T08:00:00","guid":{"rendered":"https:\/\/kinderschutzbund-freiberg.de\/cms\/?p=2017"},"modified":"2025-04-08T22:50:39","modified_gmt":"2025-04-08T20:50:39","slug":"weltkindertag-2024","status":"publish","type":"post","link":"https:\/\/kinderschutzbund-freiberg.de\/cms\/2024\/09\/20\/weltkindertag-2024\/","title":{"rendered":"Weltkindertag 2024"},"content":{"rendered":"\n<p><strong>KINDER! ES WAR UNS EIN FEST!<\/strong><\/p>\n\n\n\n<p>F\u00fcr Kinderrechte tanzten am 20. September, dem Weltkindertag hunderte Kinder auf dem Obermarkt in Freiberg. Auch in diesem Jahr war Der Kinderschutzbund RV Freiberg e.V. war nicht nur im Organisationsteam dabei sondern auch auf dem Markt der Vielfalt, der sich direkt anschloss! So viele Menschen, so viele Kinder und so viel zu erleben! Wir haben uns \u00fcber jeden Einzelnen gefreut, der uns am Stand besucht, mit uns geplauscht und gebastelt hat!<\/p>\n\n\n\n<figure class=\"wp-block-image size-large\"><img loading=\"lazy\" decoding=\"async\" width=\"1024\" height=\"1024\" src=\"https:\/\/kinderschutzbund-freiberg.de\/cms\/wp-content\/uploads\/2025\/04\/Weltkindertag-2024-1024x1024.jpg\" alt=\"\" class=\"wp-image-2018\" srcset=\"https:\/\/kinderschutzbund-freiberg.de\/cms\/wp-content\/uploads\/2025\/04\/Weltkindertag-2024-1024x1024.jpg 1024w, https:\/\/kinderschutzbund-freiberg.de\/cms\/wp-content\/uploads\/2025\/04\/Weltkindertag-2024-300x300.jpg 300w, https:\/\/kinderschutzbund-freiberg.de\/cms\/wp-content\/uploads\/2025\/04\/Weltkindertag-2024-150x150.jpg 150w, https:\/\/kinderschutzbund-freiberg.de\/cms\/wp-content\/uploads\/2025\/04\/Weltkindertag-2024-768x768.jpg 768w, https:\/\/kinderschutzbund-freiberg.de\/cms\/wp-content\/uploads\/2025\/04\/Weltkindertag-2024-1536x1536.jpg 1536w, https:\/\/kinderschutzbund-freiberg.de\/cms\/wp-content\/uploads\/2025\/04\/Weltkindertag-2024.jpg 2048w\" sizes=\"auto, (max-width: 1024px) 100vw, 1024px\" \/><\/figure>\n\n\n\n<p>Lasst uns zusammen jeden Tag daran arbeiten, dass Kinder in einer Welt leben k\u00f6nnen, in der ihre Rechte gewahrt werden und sie gl\u00fccklich leben k\u00f6nnen! Nicht nur heute! Auch in Zukunft!<\/p>\n\n\n\n<p><a href=\"https:\/\/www.freiepresse.de\/mittelsachsen\/freiberg\/warum-hunderte-maedchen-und-jungen-auf-dem-freiberger-obermarkt-tanzen-artikel13533878?ref=share_link\">Warum Hunderte M\u00e4dchen und Jungen auf dem Freiberger Obermarkt tanzen (freiepresse.de)<\/a><br><a href=\"https:\/\/www.blick.de\/mittelsachsen\/freiberg-feiert-den-weltkindertag-auf-dem-obermarkt-artikel13535111\">Freiberg feiert den Weltkindertag auf dem Obermarkt (blick.de)<\/a><\/p>\n","protected":false},"excerpt":{"rendered":"<p>KINDER! ES WAR UNS EIN FEST! F\u00fcr Kinderrechte tanzten am 20. September, dem Weltkindertag hunderte Kinder auf dem Obermarkt in Freiberg. Auch in diesem Jahr war Der Kinderschutzbund RV Freiberg e.V. war nicht nur im Organisationsteam dabei sondern auch auf dem Markt der Vielfalt, der sich direkt anschloss! So viele Menschen, so viele Kinder und [&hellip;]<\/p>\n","protected":false},"author":1,"featured_media":0,"comment_status":"closed","ping_status":"closed","sticky":false,"template":"","format":"standard","meta":{"_acf_changed":false,"footnotes":""},"categories":[1],"tags":[],"class_list":["post-2017","post","type-post","status-publish","format-standard","hentry","category-allgemein"],"acf":[],"_links":{"self":[{"href":"https:\/\/kinderschutzbund-freiberg.de\/cms\/wp-json\/wp\/v2\/posts\/2017","targetHints":{"allow":["GET"]}}],"collection":[{"href":"https:\/\/kinderschutzbund-freiberg.de\/cms\/wp-json\/wp\/v2\/posts"}],"about":[{"href":"https:\/\/kinderschutzbund-freiberg.de\/cms\/wp-json\/wp\/v2\/types\/post"}],"author":[{"embeddable":true,"href":"https:\/\/kinderschutzbund-freiberg.de\/cms\/wp-json\/wp\/v2\/users\/1"}],"replies":[{"embeddable":true,"href":"https:\/\/kinderschutzbund-freiberg.de\/cms\/wp-json\/wp\/v2\/comments?post=2017"}],"version-history":[{"count":1,"href":"https:\/\/kinderschutzbund-freiberg.de\/cms\/wp-json\/wp\/v2\/posts\/2017\/revisions"}],"predecessor-version":[{"id":2019,"href":"https:\/\/kinderschutzbund-freiberg.de\/cms\/wp-json\/wp\/v2\/posts\/2017\/revisions\/2019"}],"wp:attachment":[{"href":"https:\/\/kinderschutzbund-freiberg.de\/cms\/wp-json\/wp\/v2\/media?parent=2017"}],"wp:term":[{"taxonomy":"category","embeddable":true,"href":"https:\/\/kinderschutzbund-freiberg.de\/cms\/wp-json\/wp\/v2\/categories?post=2017"},{"taxonomy":"post_tag","embeddable":true,"href":"https:\/\/kinderschutzbund-freiberg.de\/cms\/wp-json\/wp\/v2\/tags?post=2017"}],"curies":[{"name":"wp","href":"https:\/\/api.w.org\/{rel}","templated":true}]}}