{"id":2020,"date":"2024-09-26T10:00:00","date_gmt":"2024-09-26T08:00:00","guid":{"rendered":"https:\/\/kinderschutzbund-freiberg.de\/cms\/?p=2020"},"modified":"2025-04-08T22:53:19","modified_gmt":"2025-04-08T20:53:19","slug":"kitas-retten","status":"publish","type":"post","link":"https:\/\/kinderschutzbund-freiberg.de\/cms\/2024\/09\/26\/kitas-retten\/","title":{"rendered":"Kitas retten!"},"content":{"rendered":"\n<p>Die Mitarbeiter*innen des DKSB RV Freiberg e.V. nahmen am 20.09.2024 den Weg nach Leipzig auf sich, um f\u00fcr bessere Bedingungen f\u00fcr unsere Kinder zu k\u00e4mpfen. Die GEW Sachsen hatte dazu eine Kundgebung unter dem Motto \u201eAlarmstufe ROT-Personalabbau stoppen\u201c organisiert.<\/p>\n\n\n\n<p>Die sinkenden Kinderzahlen sind \u00fcberall, also auch in der Region Freiberg, sp\u00fcrbar. Personalabbau gilt es zu vermeiden, denn dies w\u00e4re ein enormer qualitativer Einbruch. Das Angebot f\u00fcr Familien und Kinder m\u00fcsste eingeschr\u00e4nkt, Gruppen zusammengelegt oder \u00d6ffnungszeiten gek\u00fcrzt werden.<\/p>\n\n\n\n<p>An diesem Tag haben alle Eltern ihre Kinder mittags aus der Kita abgeholt. Wir wollen uns an dieser Stelle f\u00fcr diese Unterst\u00fctzung bedanken.<\/p>\n\n\n\n<p>Das \u201eKita-Moratorium\u201c wurde durch diese Bem\u00fchung vom Landtag am 26.09.2024 in seiner letzten Sitzung beschlossen. Das hei\u00dft, dass die finanziellen Mittel des Land Sachsen im Jahr 2025 f\u00fcr die Betreuung in Kitas nicht gesenkt werden, obwohl weniger Kinder betreut werden. &nbsp;<\/p>\n\n\n\n<p>Nun geht es darum, eine langfristige Verbesserung des Personalschl\u00fcssels zu erwirken. Denn die Personalberechnungsgrundlage in Sachsen schneidet im bundesweiten Vergleich schlecht ab.<\/p>\n\n\n\n<figure class=\"wp-block-gallery has-nested-images columns-default is-cropped wp-block-gallery-1 is-layout-flex wp-block-gallery-is-layout-flex\">\n<figure class=\"wp-block-image size-large\"><img loading=\"lazy\" decoding=\"async\" width=\"819\" height=\"1024\" data-id=\"2022\" src=\"https:\/\/kinderschutzbund-freiberg.de\/cms\/wp-content\/uploads\/2025\/04\/Kita-retten-819x1024.jpg\" alt=\"\" class=\"wp-image-2022\" srcset=\"https:\/\/kinderschutzbund-freiberg.de\/cms\/wp-content\/uploads\/2025\/04\/Kita-retten-819x1024.jpg 819w, https:\/\/kinderschutzbund-freiberg.de\/cms\/wp-content\/uploads\/2025\/04\/Kita-retten-240x300.jpg 240w, https:\/\/kinderschutzbund-freiberg.de\/cms\/wp-content\/uploads\/2025\/04\/Kita-retten-768x960.jpg 768w, https:\/\/kinderschutzbund-freiberg.de\/cms\/wp-content\/uploads\/2025\/04\/Kita-retten-1229x1536.jpg 1229w, https:\/\/kinderschutzbund-freiberg.de\/cms\/wp-content\/uploads\/2025\/04\/Kita-retten.jpg 1440w\" sizes=\"auto, (max-width: 819px) 100vw, 819px\" \/><\/figure>\n\n\n\n<figure class=\"wp-block-image size-large\"><img loading=\"lazy\" decoding=\"async\" width=\"1024\" height=\"576\" data-id=\"2024\" src=\"https:\/\/kinderschutzbund-freiberg.de\/cms\/wp-content\/uploads\/2025\/04\/Starke-Kitas-1024x576.jpg\" alt=\"\" class=\"wp-image-2024\" srcset=\"https:\/\/kinderschutzbund-freiberg.de\/cms\/wp-content\/uploads\/2025\/04\/Starke-Kitas-1024x576.jpg 1024w, https:\/\/kinderschutzbund-freiberg.de\/cms\/wp-content\/uploads\/2025\/04\/Starke-Kitas-300x169.jpg 300w, https:\/\/kinderschutzbund-freiberg.de\/cms\/wp-content\/uploads\/2025\/04\/Starke-Kitas-768x432.jpg 768w, https:\/\/kinderschutzbund-freiberg.de\/cms\/wp-content\/uploads\/2025\/04\/Starke-Kitas-1536x864.jpg 1536w, https:\/\/kinderschutzbund-freiberg.de\/cms\/wp-content\/uploads\/2025\/04\/Starke-Kitas.jpg 1600w\" sizes=\"auto, (max-width: 1024px) 100vw, 1024px\" \/><\/figure>\n\n\n\n<figure class=\"wp-block-image size-large\"><img loading=\"lazy\" decoding=\"async\" width=\"648\" height=\"922\" data-id=\"2023\" src=\"https:\/\/kinderschutzbund-freiberg.de\/cms\/wp-content\/uploads\/2025\/04\/Plakat.jpg\" alt=\"\" class=\"wp-image-2023\" srcset=\"https:\/\/kinderschutzbund-freiberg.de\/cms\/wp-content\/uploads\/2025\/04\/Plakat.jpg 648w, https:\/\/kinderschutzbund-freiberg.de\/cms\/wp-content\/uploads\/2025\/04\/Plakat-211x300.jpg 211w\" sizes=\"auto, (max-width: 648px) 100vw, 648px\" \/><\/figure>\n<\/figure>\n","protected":false},"excerpt":{"rendered":"<p>Die Mitarbeiter*innen des DKSB RV Freiberg e.V. nahmen am 20.09.2024 den Weg nach Leipzig auf sich, um f\u00fcr bessere Bedingungen f\u00fcr unsere Kinder zu k\u00e4mpfen. Die GEW Sachsen hatte dazu eine Kundgebung unter dem Motto \u201eAlarmstufe ROT-Personalabbau stoppen\u201c organisiert. Die sinkenden Kinderzahlen sind \u00fcberall, also auch in der Region Freiberg, sp\u00fcrbar. Personalabbau gilt es zu [&hellip;]<\/p>\n","protected":false},"author":1,"featured_media":0,"comment_status":"closed","ping_status":"closed","sticky":false,"template":"","format":"standard","meta":{"_acf_changed":false,"footnotes":""},"categories":[1],"tags":[],"class_list":["post-2020","post","type-post","status-publish","format-standard","hentry","category-allgemein"],"acf":[],"_links":{"self":[{"href":"https:\/\/kinderschutzbund-freiberg.de\/cms\/wp-json\/wp\/v2\/posts\/2020","targetHints":{"allow":["GET"]}}],"collection":[{"href":"https:\/\/kinderschutzbund-freiberg.de\/cms\/wp-json\/wp\/v2\/posts"}],"about":[{"href":"https:\/\/kinderschutzbund-freiberg.de\/cms\/wp-json\/wp\/v2\/types\/post"}],"author":[{"embeddable":true,"href":"https:\/\/kinderschutzbund-freiberg.de\/cms\/wp-json\/wp\/v2\/users\/1"}],"replies":[{"embeddable":true,"href":"https:\/\/kinderschutzbund-freiberg.de\/cms\/wp-json\/wp\/v2\/comments?post=2020"}],"version-history":[{"count":1,"href":"https:\/\/kinderschutzbund-freiberg.de\/cms\/wp-json\/wp\/v2\/posts\/2020\/revisions"}],"predecessor-version":[{"id":2025,"href":"https:\/\/kinderschutzbund-freiberg.de\/cms\/wp-json\/wp\/v2\/posts\/2020\/revisions\/2025"}],"wp:attachment":[{"href":"https:\/\/kinderschutzbund-freiberg.de\/cms\/wp-json\/wp\/v2\/media?parent=2020"}],"wp:term":[{"taxonomy":"category","embeddable":true,"href":"https:\/\/kinderschutzbund-freiberg.de\/cms\/wp-json\/wp\/v2\/categories?post=2020"},{"taxonomy":"post_tag","embeddable":true,"href":"https:\/\/kinderschutzbund-freiberg.de\/cms\/wp-json\/wp\/v2\/tags?post=2020"}],"curies":[{"name":"wp","href":"https:\/\/api.w.org\/{rel}","templated":true}]}}