{"id":2648,"date":"2025-11-28T11:47:09","date_gmt":"2025-11-28T10:47:09","guid":{"rendered":"https:\/\/kinderschutzbund-freiberg.de\/cms\/?p=2648"},"modified":"2025-11-28T11:52:19","modified_gmt":"2025-11-28T10:52:19","slug":"bundesweiter-vorlesetag-2025-die-kita-wirbelwind-war-dabei-und-setzt-ein-zeichen-fuer-das-vorlesen","status":"publish","type":"post","link":"https:\/\/kinderschutzbund-freiberg.de\/cms\/2025\/11\/28\/bundesweiter-vorlesetag-2025-die-kita-wirbelwind-war-dabei-und-setzt-ein-zeichen-fuer-das-vorlesen\/","title":{"rendered":"Bundesweiter Vorlesetag 2025: Die Kita Wirbelwind war dabei und setzt ein Zeichen f\u00fcr das Vorlesen"},"content":{"rendered":"\n<p>Am 21. November tauchten unsere Kinder in spannende Geschichten ein. Durch die Teilnahme am Aktionstag schenkten uns 6 Obersch\u00fclerInnen und 2 Grundsch\u00fclerInnen aus Halsbr\u00fccke nicht nur eine sch\u00f6ne Zeit, sondern setzten gleichzeitig ein wichtiges Zeichen. DIE ZEIT, Stiftung Lesen und Deutsche Bahn Stiftung initiieren jedes Jahr mit dem Bundesvorlesetag ein \u00f6ffentliches Signal daf\u00fcr, wie wichtig Vorlesen f\u00fcr Kinder und unsere Gesellschaft ist. Dieses Jahr war das Motto \u201eVorlesen spricht Deine Sprache\u201c. Durch Vorlesen lernen Kinder, wie Sprache funktioniert. Es trainiert Denken und Konzentration, l\u00e4sst kreativer werden und f\u00f6rdert das Einf\u00fchlungsverm\u00f6gen. Allerdings untersch\u00e4tzen viele Erwachsene, wie wichtig das Vorlesen f\u00fcr den gesamten Leseweg von Kindern ist. Das Motto des Bundesweiten Vorlesetages 2025 unterstreicht, wie vielseitig Vorlesen ist und zeigt gleichzeitig, dass jede einzelne Sprache und Stimme z\u00e4hlt. Denn Geschichten wirken universell. Sie schaffen Verstehen, f\u00f6rdern den Austausch, st\u00e4rken das Miteinander und legen die Grundlage zum Lesenlernen. Das Motto hebt die verbindende Kraft des Vorlesens hervor und sendet eine klare Botschaft: Nutz deine Sprache, nutz deine Stimme und lies vor!<\/p>\n\n\n\n<figure class=\"wp-block-image size-large\"><img loading=\"lazy\" decoding=\"async\" width=\"1024\" height=\"768\" src=\"https:\/\/kinderschutzbund-freiberg.de\/cms\/wp-content\/uploads\/2025\/11\/20251121_084030-komprimiert-1024x768.jpg\" alt=\"\" class=\"wp-image-2649\" srcset=\"https:\/\/kinderschutzbund-freiberg.de\/cms\/wp-content\/uploads\/2025\/11\/20251121_084030-komprimiert-1024x768.jpg 1024w, https:\/\/kinderschutzbund-freiberg.de\/cms\/wp-content\/uploads\/2025\/11\/20251121_084030-komprimiert-300x225.jpg 300w, https:\/\/kinderschutzbund-freiberg.de\/cms\/wp-content\/uploads\/2025\/11\/20251121_084030-komprimiert-768x576.jpg 768w, https:\/\/kinderschutzbund-freiberg.de\/cms\/wp-content\/uploads\/2025\/11\/20251121_084030-komprimiert-1536x1152.jpg 1536w, https:\/\/kinderschutzbund-freiberg.de\/cms\/wp-content\/uploads\/2025\/11\/20251121_084030-komprimiert-2048x1536.jpg 2048w\" sizes=\"auto, (max-width: 1024px) 100vw, 1024px\" \/><\/figure>\n\n\n\n<p>Und das taten Nina, Hannah, Josephine, Hannah, Lukas und Luca (Sch\u00fclerInnen der Klassen 8a und 8b der Oberschule Halsbr\u00fccke) mit Begeisterung. \u201eEs war witzig und hat Spa\u00df gemacht! Die Kinder wollten sogar eine zweite Geschichte h\u00f6ren.\u201c War das einheitliche Fazit der Obersch\u00fclerInnen. Auch Paulina und Karl aus der Grundschule hatten eine tolle Geschichte vorbereitet und trugen diese den neugierigen Kindern vor. Wir freuen uns \u00fcber das Engagement und auch den Mut vor einer Gruppe vorzulesen und sagen ganz herzlich DANKE!<\/p>\n\n\n\n<figure class=\"wp-block-image size-large\"><img loading=\"lazy\" decoding=\"async\" width=\"768\" height=\"1024\" src=\"https:\/\/kinderschutzbund-freiberg.de\/cms\/wp-content\/uploads\/2025\/11\/20251121_100909komprimiert-768x1024.jpg\" alt=\"\" class=\"wp-image-2650\" srcset=\"https:\/\/kinderschutzbund-freiberg.de\/cms\/wp-content\/uploads\/2025\/11\/20251121_100909komprimiert-768x1024.jpg 768w, https:\/\/kinderschutzbund-freiberg.de\/cms\/wp-content\/uploads\/2025\/11\/20251121_100909komprimiert-225x300.jpg 225w, https:\/\/kinderschutzbund-freiberg.de\/cms\/wp-content\/uploads\/2025\/11\/20251121_100909komprimiert-1152x1536.jpg 1152w, https:\/\/kinderschutzbund-freiberg.de\/cms\/wp-content\/uploads\/2025\/11\/20251121_100909komprimiert-1536x2048.jpg 1536w, https:\/\/kinderschutzbund-freiberg.de\/cms\/wp-content\/uploads\/2025\/11\/20251121_100909komprimiert-scaled.jpg 1920w\" sizes=\"auto, (max-width: 768px) 100vw, 768px\" \/><\/figure>\n\n\n\n<p>(Dorit Otto, Kita-Leiterin)<\/p>\n","protected":false},"excerpt":{"rendered":"<p>Am 21. November tauchten unsere Kinder in spannende Geschichten ein. Durch die Teilnahme am Aktionstag schenkten uns 6 Obersch\u00fclerInnen und 2 Grundsch\u00fclerInnen aus Halsbr\u00fccke nicht nur eine sch\u00f6ne Zeit, sondern setzten gleichzeitig ein wichtiges Zeichen. DIE ZEIT, Stiftung Lesen und Deutsche Bahn Stiftung initiieren jedes Jahr mit dem Bundesvorlesetag ein \u00f6ffentliches Signal daf\u00fcr, wie wichtig [&hellip;]<\/p>\n","protected":false},"author":46,"featured_media":2651,"comment_status":"closed","ping_status":"closed","sticky":false,"template":"","format":"standard","meta":{"_acf_changed":false,"footnotes":""},"categories":[1,103],"tags":[],"class_list":["post-2648","post","type-post","status-publish","format-standard","has-post-thumbnail","hentry","category-allgemein","category-kita-wirbelwind-halsbruecke"],"acf":[],"_links":{"self":[{"href":"https:\/\/kinderschutzbund-freiberg.de\/cms\/wp-json\/wp\/v2\/posts\/2648","targetHints":{"allow":["GET"]}}],"collection":[{"href":"https:\/\/kinderschutzbund-freiberg.de\/cms\/wp-json\/wp\/v2\/posts"}],"about":[{"href":"https:\/\/kinderschutzbund-freiberg.de\/cms\/wp-json\/wp\/v2\/types\/post"}],"author":[{"embeddable":true,"href":"https:\/\/kinderschutzbund-freiberg.de\/cms\/wp-json\/wp\/v2\/users\/46"}],"replies":[{"embeddable":true,"href":"https:\/\/kinderschutzbund-freiberg.de\/cms\/wp-json\/wp\/v2\/comments?post=2648"}],"version-history":[{"count":3,"href":"https:\/\/kinderschutzbund-freiberg.de\/cms\/wp-json\/wp\/v2\/posts\/2648\/revisions"}],"predecessor-version":[{"id":2656,"href":"https:\/\/kinderschutzbund-freiberg.de\/cms\/wp-json\/wp\/v2\/posts\/2648\/revisions\/2656"}],"wp:featuredmedia":[{"embeddable":true,"href":"https:\/\/kinderschutzbund-freiberg.de\/cms\/wp-json\/wp\/v2\/media\/2651"}],"wp:attachment":[{"href":"https:\/\/kinderschutzbund-freiberg.de\/cms\/wp-json\/wp\/v2\/media?parent=2648"}],"wp:term":[{"taxonomy":"category","embeddable":true,"href":"https:\/\/kinderschutzbund-freiberg.de\/cms\/wp-json\/wp\/v2\/categories?post=2648"},{"taxonomy":"post_tag","embeddable":true,"href":"https:\/\/kinderschutzbund-freiberg.de\/cms\/wp-json\/wp\/v2\/tags?post=2648"}],"curies":[{"name":"wp","href":"https:\/\/api.w.org\/{rel}","templated":true}]}}